{"dados":[{"titulo":"Folha de Pagamento - Abril\/2026","dataAtualizacao":"2026-04-28 13:57:53","data":"2026-04-06","categoria":"Folha de Pagamento - Programa Bolsa Fam\u00edlia","descricao":""},{"titulo":"Folha de Pagamento - Mar\u00e7o\/2026","dataAtualizacao":"2026-03-16 16:15:50","data":"2026-03-16","categoria":"Folha de Pagamento - Programa Bolsa Fam\u00edlia","descricao":""},{"titulo":"Folha de Pagamento - Fevereiro\/2026","dataAtualizacao":"2026-03-16 16:14:57","data":"2026-03-16","categoria":"Folha de Pagamento - Programa Bolsa Fam\u00edlia","descricao":""},{"titulo":"Varia\u00e7\u00f5es Patrimoniais","dataAtualizacao":"2026-04-01 10:19:58","data":"2026-02-28","categoria":"Varia\u00e7\u00f5es Patrimoniais","descricao":""},{"titulo":"Lei de Responsabilidade Fiscal (LRF) - 1\u00ba Bimestre","dataAtualizacao":"2026-04-01 10:18:35","data":"2026-02-28","categoria":"Lei de Responsabilidade Fiscal (LRF)","descricao":""},{"titulo":"Balan\u00e7o Patrimonial","dataAtualizacao":"2026-04-01 10:16:48","data":"2026-02-28","categoria":"Balan\u00e7o Patrimonial","descricao":""},{"titulo":"Balan\u00e7o Or\u00e7amentario","dataAtualizacao":"2026-04-01 10:15:18","data":"2026-02-28","categoria":"Balan\u00e7o Or\u00e7ament\u00e1rio","descricao":""},{"titulo":"Balan\u00e7o Financeiro","dataAtualizacao":"2026-04-01 10:14:18","data":"2026-02-28","categoria":"Balan\u00e7o Financeiro","descricao":""},{"titulo":"Balancete - Receita","dataAtualizacao":"2026-04-01 10:13:07","data":"2026-02-28","categoria":"Balancete - Receitas","descricao":""},{"titulo":"Balancete - Despesas","dataAtualizacao":"2026-04-01 10:12:04","data":"2026-02-28","categoria":"Balancete - Despesas","descricao":""},{"titulo":"Varia\u00e7\u00f5es Patrimoniais","dataAtualizacao":"2026-03-16 15:01:21","data":"2026-01-31","categoria":"Varia\u00e7\u00f5es Patrimoniais","descricao":""},{"titulo":"Balan\u00e7o Patrimonial","dataAtualizacao":"2026-03-16 15:00:16","data":"2026-01-31","categoria":"Balan\u00e7o Patrimonial","descricao":""},{"titulo":"Balan\u00e7o Or\u00e7amentario","dataAtualizacao":"2026-03-16 14:59:02","data":"2026-01-31","categoria":"Balan\u00e7o Or\u00e7ament\u00e1rio","descricao":""},{"titulo":"Balan\u00e7o Financeiro","dataAtualizacao":"2026-03-16 14:54:22","data":"2026-01-31","categoria":"Balan\u00e7o Financeiro","descricao":""},{"titulo":"Balancete - Receita","dataAtualizacao":"2026-03-16 14:53:15","data":"2026-01-31","categoria":"Balancete - Receitas","descricao":""},{"titulo":"Balancete - Despesas","dataAtualizacao":"2026-03-16 14:51:51","data":"2026-01-31","categoria":"Balancete - Despesas","descricao":""},{"titulo":"APRECIA\u00c7\u00c3O E APROVA\u00c7\u00c3O DO RELAT\u00d3RIO DETALHADO DO 3\u00ba QUADRIMESTRE DE 2025 - GEST\u00c3O MUNICIPAL DE SA\u00daDE","dataAtualizacao":"2026-03-27 16:46:42","data":"2026-01-30","categoria":"Audi\u00eancias P\u00fablicas","descricao":""},{"titulo":"Folha de Pagamento - Janeiro\/2026","dataAtualizacao":"2026-01-07 16:02:31","data":"2026-01-07","categoria":"Folha de Pagamento - Programa Bolsa Fam\u00edlia","descricao":""},{"titulo":"Varia\u00e7\u00f5es Patrimoniais","dataAtualizacao":"2026-03-16 14:49:53","data":"2025-12-31","categoria":"Varia\u00e7\u00f5es Patrimoniais","descricao":""},{"titulo":"Balan\u00e7o Patrimonial","dataAtualizacao":"2026-03-16 14:48:49","data":"2025-12-31","categoria":"Balan\u00e7o Patrimonial","descricao":""},{"titulo":"Balan\u00e7o Financeiro","dataAtualizacao":"2026-03-16 14:47:33","data":"2025-12-31","categoria":"Balan\u00e7o Financeiro","descricao":""},{"titulo":"Balan\u00e7o Financeiro","dataAtualizacao":"2026-03-16 14:45:23","data":"2025-12-31","categoria":"Balan\u00e7o Financeiro","descricao":""},{"titulo":"FUNDEB TRANSPARENTE 4\u00ba TRIM. 2025","dataAtualizacao":"2026-01-30 09:54:17","data":"2025-12-31","categoria":"FUNDEB TRANSPARENTE","descricao":""},{"titulo":"Lei de Responsabilidade Fiscal (LRF) - 6\u00ba Bimestre","dataAtualizacao":"2026-01-30 09:50:03","data":"2025-12-31","categoria":"Lei de Responsabilidade Fiscal (LRF)","descricao":""},{"titulo":"Varia\u00e7\u00f5es Patrimoniais","dataAtualizacao":"2026-01-30 09:47:41","data":"2025-12-31","categoria":"Varia\u00e7\u00f5es Patrimoniais","descricao":""},{"titulo":"Balan\u00e7o Patrimonial","dataAtualizacao":"2026-01-30 09:46:34","data":"2025-12-31","categoria":"Balan\u00e7o Patrimonial","descricao":""},{"titulo":"Balan\u00e7o Or\u00e7amentario","dataAtualizacao":"2026-01-30 09:45:30","data":"2025-12-31","categoria":"Balan\u00e7o Or\u00e7ament\u00e1rio","descricao":""},{"titulo":"Balan\u00e7o Financeiro","dataAtualizacao":"2026-01-30 09:44:16","data":"2025-12-31","categoria":"Balan\u00e7o Financeiro","descricao":""},{"titulo":"Balancete - Receita","dataAtualizacao":"2026-01-30 09:43:07","data":"2025-12-31","categoria":"Balancete - Receitas","descricao":""},{"titulo":"Balancete - Despesas","dataAtualizacao":"2026-01-30 09:38:32","data":"2025-12-31","categoria":"Balancete - Despesas","descricao":""},{"titulo":"Viagem do Vice-Prefeito  \u00e0 Bauru","dataAtualizacao":"2026-02-11 14:25:40","data":"2025-12-18","categoria":"Despesas com Viagens","descricao":""},{"titulo":"Viagem do Prefeito a S\u00e3o Paulo","dataAtualizacao":"2026-02-11 14:23:55","data":"2025-12-16","categoria":"Despesas com Viagens","descricao":""},{"titulo":"Viagem do Prefeito a S\u00e3o Paulo","dataAtualizacao":"2026-02-11 14:22:26","data":"2025-12-10","categoria":"Despesas com Viagens","descricao":""},{"titulo":"Viagem do Vice-Prefeito a S\u00e3o Paulo","dataAtualizacao":"2026-02-11 14:21:09","data":"2025-12-08","categoria":"Despesas com Viagens","descricao":""},{"titulo":"Viagem do Vice-Prefeito \u00e0 Bras\u00edlia","dataAtualizacao":"2026-02-11 14:19:06","data":"2025-12-02","categoria":"Despesas com Viagens","descricao":""},{"titulo":"Varia\u00e7\u00f5es Patrimoniais","dataAtualizacao":"2026-01-06 09:03:02","data":"2025-11-30","categoria":"Varia\u00e7\u00f5es Patrimoniais","descricao":""},{"titulo":"Balan\u00e7o Or\u00e7amentario","dataAtualizacao":"2026-01-06 09:01:41","data":"2025-11-30","categoria":"Balan\u00e7o Or\u00e7ament\u00e1rio","descricao":""},{"titulo":"Balan\u00e7o Financeiro","dataAtualizacao":"2026-01-06 09:00:00","data":"2025-11-30","categoria":"Balan\u00e7o Financeiro","descricao":""},{"titulo":"Balan\u00e7o Patrimonial","dataAtualizacao":"2026-01-06 08:58:47","data":"2025-11-30","categoria":"Balan\u00e7o Patrimonial","descricao":""},{"titulo":"Balancete - Receita","dataAtualizacao":"2026-01-06 08:55:38","data":"2025-11-30","categoria":"Balancete - Receitas","descricao":""},{"titulo":"Balancete - Despesas","dataAtualizacao":"2026-01-06 08:07:38","data":"2025-11-30","categoria":"Balancete - Despesas","descricao":""},{"titulo":"Viagem do Prefeito a S\u00e3o Paulo","dataAtualizacao":"2026-02-11 14:17:09","data":"2025-11-27","categoria":"Despesas com Viagens","descricao":""},{"titulo":"Viagem do Vice-Prefeito a S\u00e3o Paulo","dataAtualizacao":"2026-02-11 14:15:40","data":"2025-11-26","categoria":"Despesas com Viagens","descricao":""},{"titulo":"Viagem do Prefeito a S\u00e3o Paulo","dataAtualizacao":"2026-02-11 14:08:32","data":"2025-11-12","categoria":"Despesas com Viagens","descricao":""},{"titulo":"Viagem do Vice-Prefeito \u00e0 Bras\u00edlia","dataAtualizacao":"2026-02-11 14:07:40","data":"2025-11-04","categoria":"Despesas com Viagens","descricao":""},{"titulo":"Viagem do Prefeito a S\u00e3o Paulo","dataAtualizacao":"2026-02-11 14:09:23","data":"2025-11-02","categoria":"Despesas com Viagens","descricao":""},{"titulo":"Viagem do Prefeito a S\u00e3o Paulo","dataAtualizacao":"2026-02-11 10:14:03","data":"2025-10-30","categoria":"Despesas com Viagens","descricao":""},{"titulo":"Viagem do Secret\u00e1rio de Governo a S\u00e3o Paulo","dataAtualizacao":"2026-02-11 14:05:29","data":"2025-10-21","categoria":"Despesas com Viagens","descricao":""},{"titulo":"Viagem do Vice-Prefeito a S\u00e3o Paulo","dataAtualizacao":"2026-02-11 14:03:46","data":"2025-10-18","categoria":"Despesas com Viagens","descricao":""},{"titulo":"Viagem do Prefeito a S\u00e3o Paulo","dataAtualizacao":"2026-02-11 14:01:55","data":"2025-10-14","categoria":"Despesas com Viagens","descricao":""},{"titulo":"Ata da 9\u00aa Confer\u00eancia Municipal de Sa\u00fade","dataAtualizacao":"2026-02-11 09:52:41","data":"2025-09-19","categoria":"Confer\u00eancia Municipal de Saude","descricao":""},{"titulo":"Viagem do Secret\u00e1rio de Governo a S\u00e3o Paulo e Holambra","dataAtualizacao":"2026-02-11 09:52:43","data":"2025-09-18","categoria":"Despesas com Viagens","descricao":"Viagem do Secret&aacute;rio de Governo a S&atilde;o Paulo e Holambra:<br \/>\r\n<br \/>\r\nReginaldo Sacomani<br \/>\r\nSecret.Governo<br \/>\r\nWalcir Leal Figueredo<br \/>\r\nMotorista<br \/>\r\nSergio Eduardo Rodrigues<br \/>\r\nEngenheiro"},{"titulo":"PROGRAMA\u00c7\u00c3O ANUAL DE SA\u00daDE - 2024","dataAtualizacao":"2026-03-27 16:49:46","data":"2025-05-26","categoria":"Relat\u00f3rio Anual de Gastos - Sa\u00fade","descricao":""},{"titulo":"LEI N\u00ba 2348","dataAtualizacao":"2026-01-26 12:12:30","data":null,"categoria":"Presta\u00e7\u00e3o de Contas Da Santa Casa de Miseric\u00f3rdia de Pen\u00e1polis","descricao":""},{"titulo":"LEI N\u00ba 2631 (ALTERA\u00c7\u00c3O DA LEI N\u00ba 2446)","dataAtualizacao":"2026-01-26 12:11:52","data":null,"categoria":"Presta\u00e7\u00e3o de Contas Da Santa Casa de Miseric\u00f3rdia de Pen\u00e1polis","descricao":""},{"titulo":"LEI N\u00ba 2631 (ALTERA\u00c7\u00c3O DA LEI N\u00ba 2446)","dataAtualizacao":"2026-01-26 12:11:09","data":null,"categoria":"Presta\u00e7\u00e3o de Contas Da Santa Casa de Miseric\u00f3rdia de Pen\u00e1polis","descricao":""},{"titulo":"LEI N\u00ba 2631 (ALTERA\u00c7\u00c3O DA LEI N\u00ba 2446)","dataAtualizacao":"2026-01-26 12:10:32","data":null,"categoria":"Presta\u00e7\u00e3o de Contas Da Santa Casa de Miseric\u00f3rdia de Pen\u00e1polis","descricao":""},{"titulo":"PRONTO SOCORRO","dataAtualizacao":"2026-01-26 12:09:11","data":null,"categoria":"Presta\u00e7\u00e3o de Contas Da Santa Casa de Miseric\u00f3rdia de Pen\u00e1polis","descricao":"PARTE 3\/3"},{"titulo":"PRONTO SOCORRO","dataAtualizacao":"2026-01-26 12:08:31","data":null,"categoria":"Presta\u00e7\u00e3o de Contas Da Santa Casa de Miseric\u00f3rdia de Pen\u00e1polis","descricao":"PARTE 2\/3"},{"titulo":"PRONTO SOCORRO","dataAtualizacao":"2026-01-26 12:07:38","data":null,"categoria":"Presta\u00e7\u00e3o de Contas Da Santa Casa de Miseric\u00f3rdia de Pen\u00e1polis","descricao":"PARTE 1\/3"},{"titulo":"PRONTO SOCORRO","dataAtualizacao":"2026-01-26 12:06:51","data":null,"categoria":"Presta\u00e7\u00e3o de Contas Da Santa Casa de Miseric\u00f3rdia de Pen\u00e1polis","descricao":"PARTE 3\/3"},{"titulo":"PRONTO SOCORRO","dataAtualizacao":"2026-01-26 12:06:10","data":null,"categoria":"Presta\u00e7\u00e3o de Contas Da Santa Casa de Miseric\u00f3rdia de Pen\u00e1polis","descricao":"PARTE 2\/3"},{"titulo":"PRONTO SOCORRO","dataAtualizacao":"2026-01-26 12:05:06","data":null,"categoria":"Presta\u00e7\u00e3o de Contas Da Santa Casa de Miseric\u00f3rdia de Pen\u00e1polis","descricao":"PARTE 1\/3"},{"titulo":"PRONTO SOCORRO","dataAtualizacao":"2026-01-26 12:04:23","data":null,"categoria":"Presta\u00e7\u00e3o de Contas Da Santa Casa de Miseric\u00f3rdia de Pen\u00e1polis","descricao":"PARTE 3\/3"},{"titulo":"PRONTO SOCORRO","dataAtualizacao":"2026-01-26 12:03:38","data":null,"categoria":"Presta\u00e7\u00e3o de Contas Da Santa Casa de Miseric\u00f3rdia de Pen\u00e1polis","descricao":"PARTE 2\/3"},{"titulo":"PRONTO SOCORRO","dataAtualizacao":"2026-01-26 12:02:49","data":null,"categoria":"Presta\u00e7\u00e3o de Contas Da Santa Casa de Miseric\u00f3rdia de Pen\u00e1polis","descricao":"PARTE 1\/3"},{"titulo":"PRONTO SOCORRO","dataAtualizacao":"2026-01-26 12:01:59","data":null,"categoria":"Presta\u00e7\u00e3o de Contas Da Santa Casa de Miseric\u00f3rdia de Pen\u00e1polis","descricao":"PARTE 3\/3"},{"titulo":"PRONTO SOCORRO","dataAtualizacao":"2026-01-26 12:01:04","data":null,"categoria":"Presta\u00e7\u00e3o de Contas Da Santa Casa de Miseric\u00f3rdia de Pen\u00e1polis","descricao":"PARTE 2\/3"},{"titulo":"PRONTO SOCORRO","dataAtualizacao":"2026-01-26 12:00:17","data":null,"categoria":"Presta\u00e7\u00e3o de Contas Da Santa Casa de Miseric\u00f3rdia de Pen\u00e1polis","descricao":"PARTE 1\/3"},{"titulo":"Folha de Pagamento - Dezembro\/2025","dataAtualizacao":"2026-01-09 16:20:31","data":null,"categoria":"Folha de Pagamento - Programa Bolsa Fam\u00edlia","descricao":""},{"titulo":"Folha de Pagamento - Novembro\/2025","dataAtualizacao":"2026-01-09 16:18:32","data":null,"categoria":"Folha de Pagamento - Programa Bolsa Fam\u00edlia","descricao":""},{"titulo":"Folha de Pagamento - Outubro\/2025","dataAtualizacao":"2026-01-09 16:17:48","data":null,"categoria":"Folha de Pagamento - Programa Bolsa Fam\u00edlia","descricao":""}]}